{"id":9454,"date":"2018-05-14T09:56:56","date_gmt":"2018-05-14T07:56:56","guid":{"rendered":"https:\/\/www.infanterix.de\/?p=9454"},"modified":"2018-05-14T09:58:10","modified_gmt":"2018-05-14T07:58:10","slug":"besuch-in-der-dino-world","status":"publish","type":"post","link":"https:\/\/www.infanterix.de\/fr\/besuch-in-der-dino-world\/","title":{"rendered":"Visite au Dino-World"},"content":{"rendered":"<p>Les enfants du jardin d\u2019enfants d\u2019Infanterix Aubing 2 ont entrepris un voyage dans le monde des dinosaures \u00ab Dino-World \u00bb. \u00c1 l\u00b4entr\u00e9e de l\u2019exposition, nous attendait un b\u00e9b\u00e9 dinosaure qui venait tout juste de se glisser hors de son \u0153uf. Au cours de l&rsquo;exposition, les enfants se sont \u00e9merveill\u00e9s devant le nombre impressionnant de dinosaures et ont pu profiter des explications pour en apprendre un peu plus \u00e0 leur sujet. Le moment fort de cette visite a \u00e9t\u00e9 sans aucun doute la course effr\u00e9n\u00e9e \u00e0 dos de dinosaure qui s\u2019en est suivie. Des vrais petits h\u00e9ros !<\/p>\n\n\t\t<style type=\"text\/css\">\n\t\t\t#gallery-1 {\n\t\t\t\tmargin: auto;\n\t\t\t}\n\t\t\t#gallery-1 .gallery-item {\n\t\t\t\tfloat: left;\n\t\t\t\tmargin-top: 10px;\n\t\t\t\ttext-align: center;\n\t\t\t\twidth: 33%;\n\t\t\t}\n\t\t\t#gallery-1 img {\n\t\t\t\tborder: 2px solid #cfcfcf;\n\t\t\t}\n\t\t\t#gallery-1 .gallery-caption {\n\t\t\t\tmargin-left: 0;\n\t\t\t}\n\t\t\t\/* see gallery_shortcode() in wp-includes\/media.php *\/\n\t\t<\/style>\n\t\t<div id='gallery-1' class='gallery galleryid-9454 gallery-columns-3 gallery-size-thumbnail'><dl class='gallery-item'>\n\t\t\t<dt class='gallery-icon portrait'>\n\t\t\t\t<a href='https:\/\/www.infanterix.de\/wp-content\/uploads\/2018\/05\/IMG_20180412_101925.jpg'><img decoding=\"async\" width=\"200\" height=\"200\" src=\"https:\/\/www.infanterix.de\/wp-content\/uploads\/2018\/05\/IMG_20180412_101925-200x200.jpg\" class=\"attachment-thumbnail size-thumbnail\" alt=\"\" srcset=\"https:\/\/www.infanterix.de\/wp-content\/uploads\/2018\/05\/IMG_20180412_101925-200x200.jpg 200w, https:\/\/www.infanterix.de\/wp-content\/uploads\/2018\/05\/IMG_20180412_101925-540x540.jpg 540w\" sizes=\"(max-width: 200px) 100vw, 200px\" \/><\/a>\n\t\t\t<\/dt><\/dl><dl class='gallery-item'>\n\t\t\t<dt class='gallery-icon portrait'>\n\t\t\t\t<a href='https:\/\/www.infanterix.de\/wp-content\/uploads\/2018\/05\/IMG_20180412_105056.jpg'><img decoding=\"async\" width=\"200\" height=\"200\" src=\"https:\/\/www.infanterix.de\/wp-content\/uploads\/2018\/05\/IMG_20180412_105056-200x200.jpg\" class=\"attachment-thumbnail size-thumbnail\" alt=\"\" srcset=\"https:\/\/www.infanterix.de\/wp-content\/uploads\/2018\/05\/IMG_20180412_105056-200x200.jpg 200w, https:\/\/www.infanterix.de\/wp-content\/uploads\/2018\/05\/IMG_20180412_105056-540x540.jpg 540w\" sizes=\"(max-width: 200px) 100vw, 200px\" \/><\/a>\n\t\t\t<\/dt><\/dl><dl class='gallery-item'>\n\t\t\t<dt class='gallery-icon portrait'>\n\t\t\t\t<a href='https:\/\/www.infanterix.de\/wp-content\/uploads\/2018\/05\/IMG_20180412_105831.jpg'><img decoding=\"async\" width=\"200\" height=\"200\" src=\"https:\/\/www.infanterix.de\/wp-content\/uploads\/2018\/05\/IMG_20180412_105831-200x200.jpg\" class=\"attachment-thumbnail size-thumbnail\" alt=\"\" srcset=\"https:\/\/www.infanterix.de\/wp-content\/uploads\/2018\/05\/IMG_20180412_105831-200x200.jpg 200w, https:\/\/www.infanterix.de\/wp-content\/uploads\/2018\/05\/IMG_20180412_105831-540x540.jpg 540w\" sizes=\"(max-width: 200px) 100vw, 200px\" \/><\/a>\n\t\t\t<\/dt><\/dl><br style=\"clear: both\" \/><dl class='gallery-item'>\n\t\t\t<dt class='gallery-icon portrait'>\n\t\t\t\t<a href='https:\/\/www.infanterix.de\/wp-content\/uploads\/2018\/05\/IMG_20180412_105912.jpg'><img loading=\"lazy\" decoding=\"async\" width=\"200\" height=\"200\" src=\"https:\/\/www.infanterix.de\/wp-content\/uploads\/2018\/05\/IMG_20180412_105912-200x200.jpg\" class=\"attachment-thumbnail size-thumbnail\" alt=\"\" srcset=\"https:\/\/www.infanterix.de\/wp-content\/uploads\/2018\/05\/IMG_20180412_105912-200x200.jpg 200w, https:\/\/www.infanterix.de\/wp-content\/uploads\/2018\/05\/IMG_20180412_105912-540x540.jpg 540w\" sizes=\"(max-width: 200px) 100vw, 200px\" \/><\/a>\n\t\t\t<\/dt><\/dl><dl class='gallery-item'>\n\t\t\t<dt class='gallery-icon portrait'>\n\t\t\t\t<a href='https:\/\/www.infanterix.de\/wp-content\/uploads\/2018\/05\/IMG_20180412_111801.jpg'><img loading=\"lazy\" decoding=\"async\" width=\"200\" height=\"200\" src=\"https:\/\/www.infanterix.de\/wp-content\/uploads\/2018\/05\/IMG_20180412_111801-200x200.jpg\" class=\"attachment-thumbnail size-thumbnail\" alt=\"\" srcset=\"https:\/\/www.infanterix.de\/wp-content\/uploads\/2018\/05\/IMG_20180412_111801-200x200.jpg 200w, https:\/\/www.infanterix.de\/wp-content\/uploads\/2018\/05\/IMG_20180412_111801-540x540.jpg 540w\" sizes=\"(max-width: 200px) 100vw, 200px\" \/><\/a>\n\t\t\t<\/dt><\/dl>\n\t\t\t<br style='clear: both' \/>\n\t\t<\/div>\n\n","protected":false},"excerpt":{"rendered":"<p>Les enfants du jardin d\u2019enfants d\u2019Infanterix Aubing 2 ont entrepris un voyage dans le monde des dinosaures \u00ab Dino-World \u00bb. \u00c1 l\u00b4entr\u00e9e de l\u2019exposition, nous attendait un b\u00e9b\u00e9 dinosaure qui venait tout juste de se glisser hors de son \u0153uf. Au cours de l&rsquo;exposition, les&#8230;<\/p>\n","protected":false},"author":23,"featured_media":9453,"comment_status":"closed","ping_status":"closed","sticky":false,"template":"","format":"standard","meta":{"footnotes":""},"categories":[61],"tags":[14,93,50,54,109,95,100],"class_list":["post-9454","post","type-post","status-publish","format-standard","has-post-thumbnail","hentry","category-aktuelles","tag-aubing","tag-bilingual","tag-english","tag-kindergarten","tag-kinderkrippe","tag-multilingual","tag-private-kindertageseinrichtung"],"translation":{"provider":"WPGlobus","version":"2.12.0","language":"fr","enabled_languages":["de","en","fr"],"languages":{"de":{"title":true,"content":true,"excerpt":false},"en":{"title":true,"content":true,"excerpt":false},"fr":{"title":true,"content":true,"excerpt":false}}},"_links":{"self":[{"href":"https:\/\/www.infanterix.de\/fr\/wp-json\/wp\/v2\/posts\/9454","targetHints":{"allow":["GET"]}}],"collection":[{"href":"https:\/\/www.infanterix.de\/fr\/wp-json\/wp\/v2\/posts"}],"about":[{"href":"https:\/\/www.infanterix.de\/fr\/wp-json\/wp\/v2\/types\/post"}],"author":[{"embeddable":true,"href":"https:\/\/www.infanterix.de\/fr\/wp-json\/wp\/v2\/users\/23"}],"replies":[{"embeddable":true,"href":"https:\/\/www.infanterix.de\/fr\/wp-json\/wp\/v2\/comments?post=9454"}],"version-history":[{"count":0,"href":"https:\/\/www.infanterix.de\/fr\/wp-json\/wp\/v2\/posts\/9454\/revisions"}],"wp:featuredmedia":[{"embeddable":true,"href":"https:\/\/www.infanterix.de\/fr\/wp-json\/wp\/v2\/media\/9453"}],"wp:attachment":[{"href":"https:\/\/www.infanterix.de\/fr\/wp-json\/wp\/v2\/media?parent=9454"}],"wp:term":[{"taxonomy":"category","embeddable":true,"href":"https:\/\/www.infanterix.de\/fr\/wp-json\/wp\/v2\/categories?post=9454"},{"taxonomy":"post_tag","embeddable":true,"href":"https:\/\/www.infanterix.de\/fr\/wp-json\/wp\/v2\/tags?post=9454"}],"curies":[{"name":"wp","href":"https:\/\/api.w.org\/{rel}","templated":true}]}}