{"id":22227,"date":"2020-11-09T09:43:03","date_gmt":"2020-11-09T08:43:03","guid":{"rendered":"https:\/\/www.infanterix.de\/?p=22227"},"modified":"2020-11-09T09:43:03","modified_gmt":"2020-11-09T08:43:03","slug":"feinmotorik-2-2","status":"publish","type":"post","link":"https:\/\/www.infanterix.de\/fr\/feinmotorik-2-2\/","title":{"rendered":"La motricit\u00e9 fine 2"},"content":{"rendered":"<p>Dans notre structure Infanterix Neuhausen 2, la motricit\u00e9 fine des enfants est \u00e9galement encourag\u00e9e par des activit\u00e9s cr\u00e9atives. Les \u00e9ducateurs ont pr\u00e9par\u00e9 des bo\u00eetes pour les enfants, remplies de haricots, de riz et de grains de caf\u00e9. Diff\u00e9rents r\u00e9cipients et cuill\u00e8res ont \u00e9t\u00e9 pr\u00e9par\u00e9s \u00e0 cet effet. Les enfants peuvent ainsi remplir, verser, saisir, ce qui est tr\u00e8s amusant et stimule leurs capacit\u00e9s sensorielles. <\/p>\n\n\t\t<style type=\"text\/css\">\n\t\t\t#gallery-1 {\n\t\t\t\tmargin: auto;\n\t\t\t}\n\t\t\t#gallery-1 .gallery-item {\n\t\t\t\tfloat: left;\n\t\t\t\tmargin-top: 10px;\n\t\t\t\ttext-align: center;\n\t\t\t\twidth: 33%;\n\t\t\t}\n\t\t\t#gallery-1 img {\n\t\t\t\tborder: 2px solid #cfcfcf;\n\t\t\t}\n\t\t\t#gallery-1 .gallery-caption {\n\t\t\t\tmargin-left: 0;\n\t\t\t}\n\t\t\t\/* see gallery_shortcode() in wp-includes\/media.php *\/\n\t\t<\/style>\n\t\t<div id='gallery-1' class='gallery galleryid-22227 gallery-columns-3 gallery-size-thumbnail'><dl class='gallery-item'>\n\t\t\t<dt class='gallery-icon landscape'>\n\t\t\t\t<a href='https:\/\/www.infanterix.de\/wp-content\/uploads\/2020\/11\/1601540849_0dc4ec2759e63f856941d6ce6d3f16d4b5182f4e.jpeg'><img decoding=\"async\" width=\"200\" height=\"200\" src=\"https:\/\/www.infanterix.de\/wp-content\/uploads\/2020\/11\/1601540849_0dc4ec2759e63f856941d6ce6d3f16d4b5182f4e-200x200.jpeg\" class=\"attachment-thumbnail size-thumbnail\" alt=\"\" srcset=\"https:\/\/www.infanterix.de\/wp-content\/uploads\/2020\/11\/1601540849_0dc4ec2759e63f856941d6ce6d3f16d4b5182f4e-200x200.jpeg 200w, https:\/\/www.infanterix.de\/wp-content\/uploads\/2020\/11\/1601540849_0dc4ec2759e63f856941d6ce6d3f16d4b5182f4e-540x540.jpeg 540w\" sizes=\"(max-width: 200px) 100vw, 200px\" \/><\/a>\n\t\t\t<\/dt><\/dl><dl class='gallery-item'>\n\t\t\t<dt class='gallery-icon landscape'>\n\t\t\t\t<a href='https:\/\/www.infanterix.de\/wp-content\/uploads\/2020\/11\/1601540849_69ac59509c85e6b89310947f12e3832f1ba88727.jpeg'><img decoding=\"async\" width=\"200\" height=\"200\" src=\"https:\/\/www.infanterix.de\/wp-content\/uploads\/2020\/11\/1601540849_69ac59509c85e6b89310947f12e3832f1ba88727-200x200.jpeg\" class=\"attachment-thumbnail size-thumbnail\" alt=\"\" srcset=\"https:\/\/www.infanterix.de\/wp-content\/uploads\/2020\/11\/1601540849_69ac59509c85e6b89310947f12e3832f1ba88727-200x200.jpeg 200w, https:\/\/www.infanterix.de\/wp-content\/uploads\/2020\/11\/1601540849_69ac59509c85e6b89310947f12e3832f1ba88727-540x540.jpeg 540w\" sizes=\"(max-width: 200px) 100vw, 200px\" \/><\/a>\n\t\t\t<\/dt><\/dl><dl class='gallery-item'>\n\t\t\t<dt class='gallery-icon landscape'>\n\t\t\t\t<a href='https:\/\/www.infanterix.de\/wp-content\/uploads\/2020\/11\/1601540849_4503ab5f4391d199da7282bf27a6f4bcb7b1a8fd.jpeg'><img decoding=\"async\" width=\"200\" height=\"200\" src=\"https:\/\/www.infanterix.de\/wp-content\/uploads\/2020\/11\/1601540849_4503ab5f4391d199da7282bf27a6f4bcb7b1a8fd-200x200.jpeg\" class=\"attachment-thumbnail size-thumbnail\" alt=\"\" srcset=\"https:\/\/www.infanterix.de\/wp-content\/uploads\/2020\/11\/1601540849_4503ab5f4391d199da7282bf27a6f4bcb7b1a8fd-200x200.jpeg 200w, https:\/\/www.infanterix.de\/wp-content\/uploads\/2020\/11\/1601540849_4503ab5f4391d199da7282bf27a6f4bcb7b1a8fd-540x540.jpeg 540w\" sizes=\"(max-width: 200px) 100vw, 200px\" \/><\/a>\n\t\t\t<\/dt><\/dl><br style=\"clear: both\" \/><dl class='gallery-item'>\n\t\t\t<dt class='gallery-icon landscape'>\n\t\t\t\t<a href='https:\/\/www.infanterix.de\/wp-content\/uploads\/2020\/11\/1601540849_224506e8563bc11dd197407ef09d6f54e4998d4e.jpeg'><img loading=\"lazy\" decoding=\"async\" width=\"200\" height=\"200\" src=\"https:\/\/www.infanterix.de\/wp-content\/uploads\/2020\/11\/1601540849_224506e8563bc11dd197407ef09d6f54e4998d4e-200x200.jpeg\" class=\"attachment-thumbnail size-thumbnail\" alt=\"\" srcset=\"https:\/\/www.infanterix.de\/wp-content\/uploads\/2020\/11\/1601540849_224506e8563bc11dd197407ef09d6f54e4998d4e-200x200.jpeg 200w, https:\/\/www.infanterix.de\/wp-content\/uploads\/2020\/11\/1601540849_224506e8563bc11dd197407ef09d6f54e4998d4e-540x540.jpeg 540w\" sizes=\"(max-width: 200px) 100vw, 200px\" \/><\/a>\n\t\t\t<\/dt><\/dl><dl class='gallery-item'>\n\t\t\t<dt class='gallery-icon landscape'>\n\t\t\t\t<a href='https:\/\/www.infanterix.de\/wp-content\/uploads\/2020\/11\/1601540849_dac1fab999d9936757787e871c87628c4eb8864b.jpeg'><img loading=\"lazy\" decoding=\"async\" width=\"200\" height=\"200\" src=\"https:\/\/www.infanterix.de\/wp-content\/uploads\/2020\/11\/1601540849_dac1fab999d9936757787e871c87628c4eb8864b-200x200.jpeg\" class=\"attachment-thumbnail size-thumbnail\" alt=\"\" srcset=\"https:\/\/www.infanterix.de\/wp-content\/uploads\/2020\/11\/1601540849_dac1fab999d9936757787e871c87628c4eb8864b-200x200.jpeg 200w, https:\/\/www.infanterix.de\/wp-content\/uploads\/2020\/11\/1601540849_dac1fab999d9936757787e871c87628c4eb8864b-540x540.jpeg 540w\" sizes=\"(max-width: 200px) 100vw, 200px\" \/><\/a>\n\t\t\t<\/dt><\/dl>\n\t\t\t<br style='clear: both' \/>\n\t\t<\/div>\n\n","protected":false},"excerpt":{"rendered":"<p>Dans notre structure Infanterix Neuhausen 2, la motricit\u00e9 fine des enfants est \u00e9galement encourag\u00e9e par des activit\u00e9s cr\u00e9atives. Les \u00e9ducateurs ont pr\u00e9par\u00e9 des bo\u00eetes pour les enfants, remplies de haricots, de riz et de grains de caf\u00e9. Diff\u00e9rents r\u00e9cipients et cuill\u00e8res ont \u00e9t\u00e9 pr\u00e9par\u00e9s \u00e0&#8230;<\/p>\n","protected":false},"author":23,"featured_media":22226,"comment_status":"closed","ping_status":"closed","sticky":false,"template":"","format":"standard","meta":{"footnotes":""},"categories":[61],"tags":[93,94,50,54,109,123,9,12,97,95,5,20,99,100,10,102],"class_list":["post-22227","post","type-post","status-publish","format-standard","has-post-thumbnail","hentry","category-aktuelles","tag-bilingual","tag-bilingualitaet","tag-english","tag-kindergarten","tag-kinderkrippe","tag-kita-muenchen","tag-krippe","tag-mehrsprachig","tag-mehrsprachigkeit","tag-multilingual","tag-muenchen","tag-neuhausen","tag-private-kinderkrippe","tag-private-kindertageseinrichtung","tag-zweisprachig","tag-zweisprachigkeit"],"translation":{"provider":"WPGlobus","version":"2.12.0","language":"fr","enabled_languages":["de","en","fr"],"languages":{"de":{"title":true,"content":true,"excerpt":false},"en":{"title":true,"content":true,"excerpt":false},"fr":{"title":true,"content":true,"excerpt":false}}},"_links":{"self":[{"href":"https:\/\/www.infanterix.de\/fr\/wp-json\/wp\/v2\/posts\/22227","targetHints":{"allow":["GET"]}}],"collection":[{"href":"https:\/\/www.infanterix.de\/fr\/wp-json\/wp\/v2\/posts"}],"about":[{"href":"https:\/\/www.infanterix.de\/fr\/wp-json\/wp\/v2\/types\/post"}],"author":[{"embeddable":true,"href":"https:\/\/www.infanterix.de\/fr\/wp-json\/wp\/v2\/users\/23"}],"replies":[{"embeddable":true,"href":"https:\/\/www.infanterix.de\/fr\/wp-json\/wp\/v2\/comments?post=22227"}],"version-history":[{"count":0,"href":"https:\/\/www.infanterix.de\/fr\/wp-json\/wp\/v2\/posts\/22227\/revisions"}],"wp:featuredmedia":[{"embeddable":true,"href":"https:\/\/www.infanterix.de\/fr\/wp-json\/wp\/v2\/media\/22226"}],"wp:attachment":[{"href":"https:\/\/www.infanterix.de\/fr\/wp-json\/wp\/v2\/media?parent=22227"}],"wp:term":[{"taxonomy":"category","embeddable":true,"href":"https:\/\/www.infanterix.de\/fr\/wp-json\/wp\/v2\/categories?post=22227"},{"taxonomy":"post_tag","embeddable":true,"href":"https:\/\/www.infanterix.de\/fr\/wp-json\/wp\/v2\/tags?post=22227"}],"curies":[{"name":"wp","href":"https:\/\/api.w.org\/{rel}","templated":true}]}}