{"id":20306,"date":"2020-03-02T10:07:22","date_gmt":"2020-03-02T09:07:22","guid":{"rendered":"https:\/\/www.infanterix.de\/?p=20306"},"modified":"2020-03-02T10:07:22","modified_gmt":"2020-03-02T09:07:22","slug":"selbstaendigkeit","status":"publish","type":"post","link":"https:\/\/www.infanterix.de\/fr\/selbstaendigkeit\/","title":{"rendered":"Je fais tout seul !"},"content":{"rendered":"<p>Les enfants doivent d\u00e8s leur plus jeune \u00e2ge apprendre \u00e0 faire tout seul, \u00e9videment dans le cadre de leur possibilit\u00e9. Chez Infanterix, nous encourageons les enfants dans diff\u00e9rents domaines \u00e0 faire par eux-m\u00eames, par exemple manger tout seul. M\u00eame les enfants de la cr\u00e8che mangent avec un couteau et une fourchette, ils essayent de couper leur propre nourriture en petits morceaux et \u00e0 la piquer avec la fourchette. Peu importe qu\u2019ils r\u00e9ussissent ou non, la joie d&rsquo;avoir tout fait seul est une \u00e9norme satisfaction et les enfants sont rayonnants. <\/p>\n","protected":false},"excerpt":{"rendered":"<p>Les enfants doivent d\u00e8s leur plus jeune \u00e2ge apprendre \u00e0 faire tout seul, \u00e9videment dans le cadre de leur possibilit\u00e9. Chez Infanterix, nous encourageons les enfants dans diff\u00e9rents domaines \u00e0 faire par eux-m\u00eames, par exemple manger tout seul. M\u00eame les enfants de la cr\u00e8che mangent&#8230;<\/p>\n","protected":false},"author":23,"featured_media":20314,"comment_status":"closed","ping_status":"closed","sticky":false,"template":"","format":"standard","meta":{"footnotes":""},"categories":[61],"tags":[93,94,52,54,109,123,9,12,97,95,5,101,99,100,98,88,10,102],"class_list":["post-20306","post","type-post","status-publish","format-standard","has-post-thumbnail","hentry","category-aktuelles","tag-bilingual","tag-bilingualitaet","tag-francais","tag-kindergarten","tag-kinderkrippe","tag-kita-muenchen","tag-krippe","tag-mehrsprachig","tag-mehrsprachigkeit","tag-multilingual","tag-muenchen","tag-paedagogein","tag-private-kinderkrippe","tag-private-kindertageseinrichtung","tag-privater-kindergarten","tag-westpark","tag-zweisprachig","tag-zweisprachigkeit"],"translation":{"provider":"WPGlobus","version":"2.12.0","language":"fr","enabled_languages":["de","en","fr"],"languages":{"de":{"title":true,"content":true,"excerpt":false},"en":{"title":true,"content":true,"excerpt":false},"fr":{"title":true,"content":true,"excerpt":false}}},"_links":{"self":[{"href":"https:\/\/www.infanterix.de\/fr\/wp-json\/wp\/v2\/posts\/20306","targetHints":{"allow":["GET"]}}],"collection":[{"href":"https:\/\/www.infanterix.de\/fr\/wp-json\/wp\/v2\/posts"}],"about":[{"href":"https:\/\/www.infanterix.de\/fr\/wp-json\/wp\/v2\/types\/post"}],"author":[{"embeddable":true,"href":"https:\/\/www.infanterix.de\/fr\/wp-json\/wp\/v2\/users\/23"}],"replies":[{"embeddable":true,"href":"https:\/\/www.infanterix.de\/fr\/wp-json\/wp\/v2\/comments?post=20306"}],"version-history":[{"count":0,"href":"https:\/\/www.infanterix.de\/fr\/wp-json\/wp\/v2\/posts\/20306\/revisions"}],"wp:featuredmedia":[{"embeddable":true,"href":"https:\/\/www.infanterix.de\/fr\/wp-json\/wp\/v2\/media\/20314"}],"wp:attachment":[{"href":"https:\/\/www.infanterix.de\/fr\/wp-json\/wp\/v2\/media?parent=20306"}],"wp:term":[{"taxonomy":"category","embeddable":true,"href":"https:\/\/www.infanterix.de\/fr\/wp-json\/wp\/v2\/categories?post=20306"},{"taxonomy":"post_tag","embeddable":true,"href":"https:\/\/www.infanterix.de\/fr\/wp-json\/wp\/v2\/tags?post=20306"}],"curies":[{"name":"wp","href":"https:\/\/api.w.org\/{rel}","templated":true}]}}