{"id":19384,"date":"2020-02-10T11:32:02","date_gmt":"2020-02-10T10:32:02","guid":{"rendered":"https:\/\/www.infanterix.de\/?p=19384"},"modified":"2020-02-10T11:32:38","modified_gmt":"2020-02-10T10:32:38","slug":"faschingsvorbereitungen","status":"publish","type":"post","link":"https:\/\/www.infanterix.de\/fr\/faschingsvorbereitungen\/","title":{"rendered":"Les pr\u00e9paratifs pour le carnaval"},"content":{"rendered":"<p>Dans toutes nos structures, les enfants et les \u00e9ducateurs sont d\u00e9j\u00e0 en proie \u00e0 la fi\u00e8vre du carnaval. Mais avant que la f\u00eate puisse commencer, il y a beaucoup de pr\u00e9paratif. Dans notre structure Infanterix Haidhausen 1, par exemple, des licornes sont fabriqu\u00e9es pour d\u00e9corer la classe. Et c&rsquo;est si facile que m\u00eame les plus jeunes enfants peuvent presque tout faire tout seuls. Il suffit de coller : le nez en forme de c\u0153ur sur une assiette en carton, quelques bandes de papier pour faire la crini\u00e8re et la corne dor\u00e9e. Pour finir nous dessinons les yeux et la licorne est pr\u00eate! Maintenant nous comptons impatiemment les jours.<\/p>\n\n\t\t<style type=\"text\/css\">\n\t\t\t#gallery-1 {\n\t\t\t\tmargin: auto;\n\t\t\t}\n\t\t\t#gallery-1 .gallery-item {\n\t\t\t\tfloat: left;\n\t\t\t\tmargin-top: 10px;\n\t\t\t\ttext-align: center;\n\t\t\t\twidth: 33%;\n\t\t\t}\n\t\t\t#gallery-1 img {\n\t\t\t\tborder: 2px solid #cfcfcf;\n\t\t\t}\n\t\t\t#gallery-1 .gallery-caption {\n\t\t\t\tmargin-left: 0;\n\t\t\t}\n\t\t\t\/* see gallery_shortcode() in wp-includes\/media.php *\/\n\t\t<\/style>\n\t\t<div id='gallery-1' class='gallery galleryid-19384 gallery-columns-3 gallery-size-thumbnail'><dl class='gallery-item'>\n\t\t\t<dt class='gallery-icon landscape'>\n\t\t\t\t<a href='https:\/\/www.infanterix.de\/wp-content\/uploads\/2020\/02\/1579861552_4e546184a808769edb34eba471db82278b4c621c.jpeg.jpg'><img decoding=\"async\" width=\"200\" height=\"200\" src=\"https:\/\/www.infanterix.de\/wp-content\/uploads\/2020\/02\/1579861552_4e546184a808769edb34eba471db82278b4c621c.jpeg-200x200.jpg\" class=\"attachment-thumbnail size-thumbnail\" alt=\"\" srcset=\"https:\/\/www.infanterix.de\/wp-content\/uploads\/2020\/02\/1579861552_4e546184a808769edb34eba471db82278b4c621c.jpeg-200x200.jpg 200w, https:\/\/www.infanterix.de\/wp-content\/uploads\/2020\/02\/1579861552_4e546184a808769edb34eba471db82278b4c621c.jpeg-540x540.jpg 540w\" sizes=\"(max-width: 200px) 100vw, 200px\" \/><\/a>\n\t\t\t<\/dt><\/dl><dl class='gallery-item'>\n\t\t\t<dt class='gallery-icon landscape'>\n\t\t\t\t<a href='https:\/\/www.infanterix.de\/wp-content\/uploads\/2020\/02\/1579861552_7b7df0e6c6ac484c77d28e9f746ffd8423df6773.jpeg.jpg'><img decoding=\"async\" width=\"200\" height=\"200\" src=\"https:\/\/www.infanterix.de\/wp-content\/uploads\/2020\/02\/1579861552_7b7df0e6c6ac484c77d28e9f746ffd8423df6773.jpeg-200x200.jpg\" class=\"attachment-thumbnail size-thumbnail\" alt=\"\" srcset=\"https:\/\/www.infanterix.de\/wp-content\/uploads\/2020\/02\/1579861552_7b7df0e6c6ac484c77d28e9f746ffd8423df6773.jpeg-200x200.jpg 200w, https:\/\/www.infanterix.de\/wp-content\/uploads\/2020\/02\/1579861552_7b7df0e6c6ac484c77d28e9f746ffd8423df6773.jpeg-540x540.jpg 540w\" sizes=\"(max-width: 200px) 100vw, 200px\" \/><\/a>\n\t\t\t<\/dt><\/dl><dl class='gallery-item'>\n\t\t\t<dt class='gallery-icon landscape'>\n\t\t\t\t<a href='https:\/\/www.infanterix.de\/wp-content\/uploads\/2020\/02\/1579861552_6f3425d4e6eefcc027420bc793932c360fda3af5.jpeg.jpg'><img decoding=\"async\" width=\"200\" height=\"200\" src=\"https:\/\/www.infanterix.de\/wp-content\/uploads\/2020\/02\/1579861552_6f3425d4e6eefcc027420bc793932c360fda3af5.jpeg-200x200.jpg\" class=\"attachment-thumbnail size-thumbnail\" alt=\"\" srcset=\"https:\/\/www.infanterix.de\/wp-content\/uploads\/2020\/02\/1579861552_6f3425d4e6eefcc027420bc793932c360fda3af5.jpeg-200x200.jpg 200w, https:\/\/www.infanterix.de\/wp-content\/uploads\/2020\/02\/1579861552_6f3425d4e6eefcc027420bc793932c360fda3af5.jpeg-540x540.jpg 540w\" sizes=\"(max-width: 200px) 100vw, 200px\" \/><\/a>\n\t\t\t<\/dt><\/dl><br style=\"clear: both\" \/><dl class='gallery-item'>\n\t\t\t<dt class='gallery-icon portrait'>\n\t\t\t\t<a href='https:\/\/www.infanterix.de\/wp-content\/uploads\/2020\/02\/1579861552_cc4a9e85d53c1e11fc3b9ef46aa4dbd057a25e5a.jpeg.jpg'><img loading=\"lazy\" decoding=\"async\" width=\"200\" height=\"200\" src=\"https:\/\/www.infanterix.de\/wp-content\/uploads\/2020\/02\/1579861552_cc4a9e85d53c1e11fc3b9ef46aa4dbd057a25e5a.jpeg-200x200.jpg\" class=\"attachment-thumbnail size-thumbnail\" alt=\"\" srcset=\"https:\/\/www.infanterix.de\/wp-content\/uploads\/2020\/02\/1579861552_cc4a9e85d53c1e11fc3b9ef46aa4dbd057a25e5a.jpeg-200x200.jpg 200w, https:\/\/www.infanterix.de\/wp-content\/uploads\/2020\/02\/1579861552_cc4a9e85d53c1e11fc3b9ef46aa4dbd057a25e5a.jpeg-540x540.jpg 540w\" sizes=\"(max-width: 200px) 100vw, 200px\" \/><\/a>\n\t\t\t<\/dt><\/dl><dl class='gallery-item'>\n\t\t\t<dt class='gallery-icon landscape'>\n\t\t\t\t<a href='https:\/\/www.infanterix.de\/wp-content\/uploads\/2020\/02\/1579861552_67fed45d92236083da30abbc9c02715e6d6aa687.jpeg.jpg'><img loading=\"lazy\" decoding=\"async\" width=\"200\" height=\"200\" src=\"https:\/\/www.infanterix.de\/wp-content\/uploads\/2020\/02\/1579861552_67fed45d92236083da30abbc9c02715e6d6aa687.jpeg-200x200.jpg\" class=\"attachment-thumbnail size-thumbnail\" alt=\"\" srcset=\"https:\/\/www.infanterix.de\/wp-content\/uploads\/2020\/02\/1579861552_67fed45d92236083da30abbc9c02715e6d6aa687.jpeg-200x200.jpg 200w, https:\/\/www.infanterix.de\/wp-content\/uploads\/2020\/02\/1579861552_67fed45d92236083da30abbc9c02715e6d6aa687.jpeg-540x540.jpg 540w\" sizes=\"(max-width: 200px) 100vw, 200px\" \/><\/a>\n\t\t\t<\/dt><\/dl>\n\t\t\t<br style='clear: both' \/>\n\t\t<\/div>\n\n","protected":false},"excerpt":{"rendered":"<p>Dans toutes nos structures, les enfants et les \u00e9ducateurs sont d\u00e9j\u00e0 en proie \u00e0 la fi\u00e8vre du carnaval. Mais avant que la f\u00eate puisse commencer, il y a beaucoup de pr\u00e9paratif. Dans notre structure Infanterix Haidhausen 1, par exemple, des licornes sont fabriqu\u00e9es pour d\u00e9corer&#8230;<\/p>\n","protected":false},"author":23,"featured_media":0,"comment_status":"closed","ping_status":"closed","sticky":false,"template":"","format":"standard","meta":{"footnotes":""},"categories":[61],"tags":[93,94,50,57,56,121,54,109,123,9,12,97,95,5,101,99,100,98,10,102],"class_list":["post-19384","post","type-post","status-publish","format-standard","hentry","category-aktuelles","tag-bilingual","tag-bilingualitaet","tag-english","tag-erzieherin","tag-freie-plaetze","tag-haidhausen","tag-kindergarten","tag-kinderkrippe","tag-kita-muenchen","tag-krippe","tag-mehrsprachig","tag-mehrsprachigkeit","tag-multilingual","tag-muenchen","tag-paedagogein","tag-private-kinderkrippe","tag-private-kindertageseinrichtung","tag-privater-kindergarten","tag-zweisprachig","tag-zweisprachigkeit"],"translation":{"provider":"WPGlobus","version":"2.12.0","language":"fr","enabled_languages":["de","en","fr"],"languages":{"de":{"title":true,"content":true,"excerpt":false},"en":{"title":true,"content":true,"excerpt":false},"fr":{"title":true,"content":true,"excerpt":false}}},"_links":{"self":[{"href":"https:\/\/www.infanterix.de\/fr\/wp-json\/wp\/v2\/posts\/19384","targetHints":{"allow":["GET"]}}],"collection":[{"href":"https:\/\/www.infanterix.de\/fr\/wp-json\/wp\/v2\/posts"}],"about":[{"href":"https:\/\/www.infanterix.de\/fr\/wp-json\/wp\/v2\/types\/post"}],"author":[{"embeddable":true,"href":"https:\/\/www.infanterix.de\/fr\/wp-json\/wp\/v2\/users\/23"}],"replies":[{"embeddable":true,"href":"https:\/\/www.infanterix.de\/fr\/wp-json\/wp\/v2\/comments?post=19384"}],"version-history":[{"count":0,"href":"https:\/\/www.infanterix.de\/fr\/wp-json\/wp\/v2\/posts\/19384\/revisions"}],"wp:attachment":[{"href":"https:\/\/www.infanterix.de\/fr\/wp-json\/wp\/v2\/media?parent=19384"}],"wp:term":[{"taxonomy":"category","embeddable":true,"href":"https:\/\/www.infanterix.de\/fr\/wp-json\/wp\/v2\/categories?post=19384"},{"taxonomy":"post_tag","embeddable":true,"href":"https:\/\/www.infanterix.de\/fr\/wp-json\/wp\/v2\/tags?post=19384"}],"curies":[{"name":"wp","href":"https:\/\/api.w.org\/{rel}","templated":true}]}}