{"id":16226,"date":"2019-10-10T09:27:05","date_gmt":"2019-10-10T07:27:05","guid":{"rendered":"https:\/\/www.infanterix.de\/?p=16226"},"modified":"2019-10-10T09:27:05","modified_gmt":"2019-10-10T07:27:05","slug":"der-herbst-der-herbst-der-herbst-ist-da","status":"publish","type":"post","link":"https:\/\/www.infanterix.de\/fr\/der-herbst-der-herbst-der-herbst-ist-da\/","title":{"rendered":"L&rsquo;automne est l\u00e0&#8230;."},"content":{"rendered":"<p>Apr\u00e8s cette nouvelle rentr\u00e9e, l&rsquo;automne s&rsquo;installe progressivement. Pour les jardins d&rsquo;enfants et les cr\u00e8ches chez Infanterix c&rsquo;est un th\u00e8me que nous utilisons pour la peinture et l&rsquo;artisanat. Les plus petits de notre cr\u00e8che \u00e0 Infanterix Haidhausen 2 cr\u00e9ent des arbres aux couleurs de l\u2019automne avec des tampons, de la peinture et des crayons de couleurs. Gr\u00e2ce aux diff\u00e9rentes techniques, les enfants peuvent donner libre cours \u00e0 leur cr\u00e9ativit\u00e9 tout en d\u00e9veloppant leur motricit\u00e9 fine.<\/p>\n\n\t\t<style type=\"text\/css\">\n\t\t\t#gallery-1 {\n\t\t\t\tmargin: auto;\n\t\t\t}\n\t\t\t#gallery-1 .gallery-item {\n\t\t\t\tfloat: left;\n\t\t\t\tmargin-top: 10px;\n\t\t\t\ttext-align: center;\n\t\t\t\twidth: 33%;\n\t\t\t}\n\t\t\t#gallery-1 img {\n\t\t\t\tborder: 2px solid #cfcfcf;\n\t\t\t}\n\t\t\t#gallery-1 .gallery-caption {\n\t\t\t\tmargin-left: 0;\n\t\t\t}\n\t\t\t\/* see gallery_shortcode() in wp-includes\/media.php *\/\n\t\t<\/style>\n\t\t<div id='gallery-1' class='gallery galleryid-16226 gallery-columns-3 gallery-size-thumbnail'><dl class='gallery-item'>\n\t\t\t<dt class='gallery-icon portrait'>\n\t\t\t\t<a href='https:\/\/www.infanterix.de\/wp-content\/uploads\/2019\/10\/1567687263_8a42704c40df69f1c249d0957d37bfbc346a8f35.jpeg'><img decoding=\"async\" width=\"200\" height=\"200\" src=\"https:\/\/www.infanterix.de\/wp-content\/uploads\/2019\/10\/1567687263_8a42704c40df69f1c249d0957d37bfbc346a8f35-200x200.jpeg\" class=\"attachment-thumbnail size-thumbnail\" alt=\"\" srcset=\"https:\/\/www.infanterix.de\/wp-content\/uploads\/2019\/10\/1567687263_8a42704c40df69f1c249d0957d37bfbc346a8f35-200x200.jpeg 200w, https:\/\/www.infanterix.de\/wp-content\/uploads\/2019\/10\/1567687263_8a42704c40df69f1c249d0957d37bfbc346a8f35-540x540.jpeg 540w\" sizes=\"(max-width: 200px) 100vw, 200px\" \/><\/a>\n\t\t\t<\/dt><\/dl><dl class='gallery-item'>\n\t\t\t<dt class='gallery-icon landscape'>\n\t\t\t\t<a href='https:\/\/www.infanterix.de\/wp-content\/uploads\/2019\/10\/1567687263_236af26ab3649e6bbc6a94817046e9dfa86ab95f.jpeg'><img decoding=\"async\" width=\"200\" height=\"200\" src=\"https:\/\/www.infanterix.de\/wp-content\/uploads\/2019\/10\/1567687263_236af26ab3649e6bbc6a94817046e9dfa86ab95f-200x200.jpeg\" class=\"attachment-thumbnail size-thumbnail\" alt=\"\" srcset=\"https:\/\/www.infanterix.de\/wp-content\/uploads\/2019\/10\/1567687263_236af26ab3649e6bbc6a94817046e9dfa86ab95f-200x200.jpeg 200w, https:\/\/www.infanterix.de\/wp-content\/uploads\/2019\/10\/1567687263_236af26ab3649e6bbc6a94817046e9dfa86ab95f-540x540.jpeg 540w\" sizes=\"(max-width: 200px) 100vw, 200px\" \/><\/a>\n\t\t\t<\/dt><\/dl><dl class='gallery-item'>\n\t\t\t<dt class='gallery-icon portrait'>\n\t\t\t\t<a href='https:\/\/www.infanterix.de\/wp-content\/uploads\/2019\/10\/1568729472_3b776a1a338089754a934053967ce263f8c79ae8.jpeg'><img decoding=\"async\" width=\"200\" height=\"200\" src=\"https:\/\/www.infanterix.de\/wp-content\/uploads\/2019\/10\/1568729472_3b776a1a338089754a934053967ce263f8c79ae8-200x200.jpeg\" class=\"attachment-thumbnail size-thumbnail\" alt=\"\" srcset=\"https:\/\/www.infanterix.de\/wp-content\/uploads\/2019\/10\/1568729472_3b776a1a338089754a934053967ce263f8c79ae8-200x200.jpeg 200w, https:\/\/www.infanterix.de\/wp-content\/uploads\/2019\/10\/1568729472_3b776a1a338089754a934053967ce263f8c79ae8-540x540.jpeg 540w\" sizes=\"(max-width: 200px) 100vw, 200px\" \/><\/a>\n\t\t\t<\/dt><\/dl><br style=\"clear: both\" \/><dl class='gallery-item'>\n\t\t\t<dt class='gallery-icon portrait'>\n\t\t\t\t<a href='https:\/\/www.infanterix.de\/wp-content\/uploads\/2019\/10\/1568729472_99849ed0aa20d4d510bd33663b59d35f50eccdc1.jpeg'><img loading=\"lazy\" decoding=\"async\" width=\"200\" height=\"200\" src=\"https:\/\/www.infanterix.de\/wp-content\/uploads\/2019\/10\/1568729472_99849ed0aa20d4d510bd33663b59d35f50eccdc1-200x200.jpeg\" class=\"attachment-thumbnail size-thumbnail\" alt=\"\" srcset=\"https:\/\/www.infanterix.de\/wp-content\/uploads\/2019\/10\/1568729472_99849ed0aa20d4d510bd33663b59d35f50eccdc1-200x200.jpeg 200w, https:\/\/www.infanterix.de\/wp-content\/uploads\/2019\/10\/1568729472_99849ed0aa20d4d510bd33663b59d35f50eccdc1-540x540.jpeg 540w\" sizes=\"(max-width: 200px) 100vw, 200px\" \/><\/a>\n\t\t\t<\/dt><\/dl><dl class='gallery-item'>\n\t\t\t<dt class='gallery-icon landscape'>\n\t\t\t\t<a href='https:\/\/www.infanterix.de\/wp-content\/uploads\/2019\/10\/1568729661_9dec53ed6b966d223a77c263db0223fdcb6da0b4.jpeg'><img loading=\"lazy\" decoding=\"async\" width=\"200\" height=\"200\" src=\"https:\/\/www.infanterix.de\/wp-content\/uploads\/2019\/10\/1568729661_9dec53ed6b966d223a77c263db0223fdcb6da0b4-200x200.jpeg\" class=\"attachment-thumbnail size-thumbnail\" alt=\"\" srcset=\"https:\/\/www.infanterix.de\/wp-content\/uploads\/2019\/10\/1568729661_9dec53ed6b966d223a77c263db0223fdcb6da0b4-200x200.jpeg 200w, https:\/\/www.infanterix.de\/wp-content\/uploads\/2019\/10\/1568729661_9dec53ed6b966d223a77c263db0223fdcb6da0b4-540x540.jpeg 540w\" sizes=\"(max-width: 200px) 100vw, 200px\" \/><\/a>\n\t\t\t<\/dt><\/dl><dl class='gallery-item'>\n\t\t\t<dt class='gallery-icon landscape'>\n\t\t\t\t<a href='https:\/\/www.infanterix.de\/wp-content\/uploads\/2019\/10\/1568729662_86c9e262cfeb9361c3eb3be70fe4a6037388e88b.jpeg'><img loading=\"lazy\" decoding=\"async\" width=\"200\" height=\"200\" src=\"https:\/\/www.infanterix.de\/wp-content\/uploads\/2019\/10\/1568729662_86c9e262cfeb9361c3eb3be70fe4a6037388e88b-200x200.jpeg\" class=\"attachment-thumbnail size-thumbnail\" alt=\"\" srcset=\"https:\/\/www.infanterix.de\/wp-content\/uploads\/2019\/10\/1568729662_86c9e262cfeb9361c3eb3be70fe4a6037388e88b-200x200.jpeg 200w, https:\/\/www.infanterix.de\/wp-content\/uploads\/2019\/10\/1568729662_86c9e262cfeb9361c3eb3be70fe4a6037388e88b-540x540.jpeg 540w\" sizes=\"(max-width: 200px) 100vw, 200px\" \/><\/a>\n\t\t\t<\/dt><\/dl><br style=\"clear: both\" \/><dl class='gallery-item'>\n\t\t\t<dt class='gallery-icon landscape'>\n\t\t\t\t<a href='https:\/\/www.infanterix.de\/wp-content\/uploads\/2019\/10\/1568729789_6c516611e5359a203be68f8ab8085ac259008069.jpeg'><img loading=\"lazy\" decoding=\"async\" width=\"200\" height=\"200\" src=\"https:\/\/www.infanterix.de\/wp-content\/uploads\/2019\/10\/1568729789_6c516611e5359a203be68f8ab8085ac259008069-200x200.jpeg\" class=\"attachment-thumbnail size-thumbnail\" alt=\"\" srcset=\"https:\/\/www.infanterix.de\/wp-content\/uploads\/2019\/10\/1568729789_6c516611e5359a203be68f8ab8085ac259008069-200x200.jpeg 200w, https:\/\/www.infanterix.de\/wp-content\/uploads\/2019\/10\/1568729789_6c516611e5359a203be68f8ab8085ac259008069-540x540.jpeg 540w\" sizes=\"(max-width: 200px) 100vw, 200px\" \/><\/a>\n\t\t\t<\/dt><\/dl><dl class='gallery-item'>\n\t\t\t<dt class='gallery-icon portrait'>\n\t\t\t\t<a href='https:\/\/www.infanterix.de\/wp-content\/uploads\/2019\/10\/1568729789_9ae5b201ba300530f35cd60d89807ae6c186c946.jpeg'><img loading=\"lazy\" decoding=\"async\" width=\"200\" height=\"200\" src=\"https:\/\/www.infanterix.de\/wp-content\/uploads\/2019\/10\/1568729789_9ae5b201ba300530f35cd60d89807ae6c186c946-200x200.jpeg\" class=\"attachment-thumbnail size-thumbnail\" alt=\"\" srcset=\"https:\/\/www.infanterix.de\/wp-content\/uploads\/2019\/10\/1568729789_9ae5b201ba300530f35cd60d89807ae6c186c946-200x200.jpeg 200w, https:\/\/www.infanterix.de\/wp-content\/uploads\/2019\/10\/1568729789_9ae5b201ba300530f35cd60d89807ae6c186c946-540x540.jpeg 540w\" sizes=\"(max-width: 200px) 100vw, 200px\" \/><\/a>\n\t\t\t<\/dt><\/dl>\n\t\t\t<br style='clear: both' \/>\n\t\t<\/div>\n\n","protected":false},"excerpt":{"rendered":"<p>Apr\u00e8s cette nouvelle rentr\u00e9e, l&rsquo;automne s&rsquo;installe progressivement. Pour les jardins d&rsquo;enfants et les cr\u00e8ches chez Infanterix c&rsquo;est un th\u00e8me que nous utilisons pour la peinture et l&rsquo;artisanat. Les plus petits de notre cr\u00e8che \u00e0 Infanterix Haidhausen 2 cr\u00e9ent des arbres aux couleurs de l\u2019automne avec&#8230;<\/p>\n","protected":false},"author":23,"featured_media":16225,"comment_status":"closed","ping_status":"closed","sticky":false,"template":"","format":"standard","meta":{"footnotes":""},"categories":[61],"tags":[93,94,50,57,56,121,54,109,123,9,12,97,95,5,99,100,98,10,102],"class_list":["post-16226","post","type-post","status-publish","format-standard","has-post-thumbnail","hentry","category-aktuelles","tag-bilingual","tag-bilingualitaet","tag-english","tag-erzieherin","tag-freie-plaetze","tag-haidhausen","tag-kindergarten","tag-kinderkrippe","tag-kita-muenchen","tag-krippe","tag-mehrsprachig","tag-mehrsprachigkeit","tag-multilingual","tag-muenchen","tag-private-kinderkrippe","tag-private-kindertageseinrichtung","tag-privater-kindergarten","tag-zweisprachig","tag-zweisprachigkeit"],"translation":{"provider":"WPGlobus","version":"2.12.0","language":"fr","enabled_languages":["de","en","fr"],"languages":{"de":{"title":true,"content":true,"excerpt":false},"en":{"title":true,"content":true,"excerpt":false},"fr":{"title":true,"content":true,"excerpt":false}}},"_links":{"self":[{"href":"https:\/\/www.infanterix.de\/fr\/wp-json\/wp\/v2\/posts\/16226","targetHints":{"allow":["GET"]}}],"collection":[{"href":"https:\/\/www.infanterix.de\/fr\/wp-json\/wp\/v2\/posts"}],"about":[{"href":"https:\/\/www.infanterix.de\/fr\/wp-json\/wp\/v2\/types\/post"}],"author":[{"embeddable":true,"href":"https:\/\/www.infanterix.de\/fr\/wp-json\/wp\/v2\/users\/23"}],"replies":[{"embeddable":true,"href":"https:\/\/www.infanterix.de\/fr\/wp-json\/wp\/v2\/comments?post=16226"}],"version-history":[{"count":0,"href":"https:\/\/www.infanterix.de\/fr\/wp-json\/wp\/v2\/posts\/16226\/revisions"}],"wp:featuredmedia":[{"embeddable":true,"href":"https:\/\/www.infanterix.de\/fr\/wp-json\/wp\/v2\/media\/16225"}],"wp:attachment":[{"href":"https:\/\/www.infanterix.de\/fr\/wp-json\/wp\/v2\/media?parent=16226"}],"wp:term":[{"taxonomy":"category","embeddable":true,"href":"https:\/\/www.infanterix.de\/fr\/wp-json\/wp\/v2\/categories?post=16226"},{"taxonomy":"post_tag","embeddable":true,"href":"https:\/\/www.infanterix.de\/fr\/wp-json\/wp\/v2\/tags?post=16226"}],"curies":[{"name":"wp","href":"https:\/\/api.w.org\/{rel}","templated":true}]}}